{"id":5396,"date":"2025-06-06T14:55:24","date_gmt":"2025-06-06T13:55:24","guid":{"rendered":"https:\/\/groupebrun.net\/?p=5396"},"modified":"2025-06-06T14:55:24","modified_gmt":"2025-06-06T13:55:24","slug":"journee-securite-2025-nss","status":"publish","type":"post","link":"https:\/\/groupebrun.net\/en\/journee-securite-2025-nss\/","title":{"rendered":"Journ\u00e9e S\u00e9curit\u00e9 2025 chez NSS"},"content":{"rendered":"<h1 data-start=\"600\" data-end=\"647\">Journ\u00e9e S\u00e9curit\u00e9 2025 chez NSS<\/h1>\n<p>Une journ\u00e9e pour la s\u00e9curit\u00e9, tous ensemble<\/p>\n<p class=\"\" data-start=\"649\" data-end=\"1092\">Le <strong data-start=\"652\" data-end=\"676\">lundi 12 mai 2025<\/strong>, l&rsquo;ensemble des \u00e9quipes de <strong data-start=\"704\" data-end=\"736\">Normandie Solutions Services<\/strong> (NSS), filiale du <strong data-start=\"755\" data-end=\"770\">Brun Group <\/strong>implant\u00e9e \u00e0 <strong data-start=\"783\" data-end=\"804\">Rouen et au Havre<\/strong>, a particip\u00e9 \u00e0 une <strong data-start=\"824\" data-end=\"844\">Journ\u00e9e S\u00e9curit\u00e9<\/strong> consacr\u00e9e \u00e0 la <strong data-start=\"860\" data-end=\"913\">pr\u00e9vention des risques routiers et professionnels<\/strong>. Cette initiative s\u2019inscrit dans une d\u00e9marche concr\u00e8te de <strong data-start=\"972\" data-end=\"1002\">sensibilisation collective<\/strong>, port\u00e9e par une conviction simple : <strong data-start=\"1039\" data-end=\"1091\">la s\u00e9curit\u00e9 passe aussi par l\u2019exp\u00e9rience terrain<\/strong>.<\/p>\n<h3 data-start=\"1099\" data-end=\"1159\"><\/h3>\n<h2 data-start=\"1099\" data-end=\"1159\">Des ateliers immersifs pour mieux comprendre les risques<\/h2>\n<p class=\"\" data-start=\"1161\" data-end=\"1370\">Con\u00e7ue autour d\u2019ateliers interactifs, la journ\u00e9e a permis aux <strong data-start=\"1223\" data-end=\"1238\">conducteurs<\/strong>, <strong data-start=\"1240\" data-end=\"1255\">m\u00e9caniciens<\/strong> et <strong data-start=\"1259\" data-end=\"1288\">personnels administratifs <\/strong>de vivre, ressentir et comprendre des situations \u00e0 risque souvent sous-estim\u00e9es :<\/p>\n<ul data-start=\"1372\" data-end=\"1814\">\n<li class=\"\" data-start=\"1372\" data-end=\"1464\">\n<p class=\"\" data-start=\"1374\" data-end=\"1464\"><strong data-start=\"1374\" data-end=\"1406\">Atelier \u00ab\u00a0Alcool \u00e0 la maison\u00a0\u00bb<\/strong> : pour visualiser concr\u00e8tement les doses et leurs effets.<\/p>\n<\/li>\n<li class=\"\" data-start=\"1465\" data-end=\"1616\">\n<p class=\"\" data-start=\"1467\" data-end=\"1616\"><strong data-start=\"1467\" data-end=\"1529\">Lunettes de simulation alcool (1,5 g de jour, 1 g de nuit)<\/strong> : un choc visuel pour prendre conscience des dangers de la conduite en \u00e9tat d\u2019ivresse.<\/p>\n<\/li>\n<li class=\"\" data-start=\"1617\" data-end=\"1709\">\n<p class=\"\" data-start=\"1619\" data-end=\"1709\"><strong data-start=\"1619\" data-end=\"1653\">Lunettes \u00ab\u00a0t\u00e9l\u00e9phone au volant\u00a0\u00bb<\/strong> : d\u00e9monstration des effets de la distraction au volant.<\/p>\n<\/li>\n<li class=\"\" data-start=\"1710\" data-end=\"1814\">\n<p class=\"\" data-start=\"1712\" data-end=\"1814\"><strong data-start=\"1712\" data-end=\"1733\">Lunettes \u00ab\u00a0drogue\u00a0\u00bb<\/strong> : perception alt\u00e9r\u00e9e, r\u00e9actions ralenties\u2026 un outil marquant pour la pr\u00e9vention.<\/p>\n<\/li>\n<\/ul>\n<h3 data-start=\"1821\" data-end=\"1887\"><\/h3>\n<h2 data-start=\"1821\" data-end=\"1887\">Flyers, tests et outils : la pr\u00e9vention sous toutes ses formes<\/h2>\n<p class=\"\" data-start=\"1889\" data-end=\"1986\">En parall\u00e8le des ateliers, plusieurs actions de <strong data-start=\"1937\" data-end=\"1969\">sensibilisation individuelle<\/strong> ont \u00e9t\u00e9 men\u00e9es :<\/p>\n<ul data-start=\"1988\" data-end=\"2222\">\n<li class=\"\" data-start=\"1988\" data-end=\"2089\">\n<p class=\"\" data-start=\"1990\" data-end=\"2089\"><strong data-start=\"1990\" data-end=\"2016\">Distribution de flyers<\/strong> sur la vitesse, les panneaux de signalisation et le port de la ceinture.<\/p>\n<\/li>\n<li class=\"\" data-start=\"2145\" data-end=\"2222\">\n<p class=\"\" data-start=\"2147\" data-end=\"2222\"><strong data-start=\"2147\" data-end=\"2186\">Tests de d\u00e9pistage drogue et alcool<\/strong>, r\u00e9alis\u00e9s en toute confidentialit\u00e9.<\/p>\n<\/li>\n<li data-start=\"2145\" data-end=\"2222\"><strong>Distribution d\u2019\u00e9thylotest<\/strong><\/li>\n<\/ul>\n<p class=\"\" data-start=\"2224\" data-end=\"2340\">Une journ\u00e9e riche, concr\u00e8te, et pens\u00e9e pour <strong data-start=\"2268\" data-end=\"2339\">faire passer les bons messages, de mani\u00e8re directe et bienveillante<\/strong>.<\/p>\n<h3 data-start=\"2347\" data-end=\"2395\"><\/h3>\n<h2 data-start=\"2347\" data-end=\"2395\">Une collaboration engag\u00e9e avec la pr\u00e9fecture<\/h2>\n<p class=\"\" data-start=\"2397\" data-end=\"2626\">L\u2019\u00e9v\u00e9nement a \u00e9t\u00e9 men\u00e9 en partenariat avec la <strong data-start=\"2443\" data-end=\"2486\">DDTM de la pr\u00e9fecture de Seine-Maritime<\/strong>, gr\u00e2ce \u00e0 l\u2019intervention b\u00e9n\u00e9vole de <strong data-start=\"2523\" data-end=\"2539\">Pascal Garin<\/strong> et <strong data-start=\"2543\" data-end=\"2562\">Fran\u00e7ois Jardin<\/strong>, envoy\u00e9s pour animer et accompagner les diff\u00e9rents temps forts.<\/p>\n<p class=\"\" data-start=\"2628\" data-end=\"2778\">Cette collaboration marque la volont\u00e9 de <strong data-start=\"2669\" data-end=\"2695\">croiser les expertises<\/strong>, entre terrain et institutions, pour renforcer l\u2019impact des actions de pr\u00e9vention.<\/p>\n<h3 data-start=\"2785\" data-end=\"2824\"><\/h3>\n<h2 data-start=\"2785\" data-end=\"2824\">Une d\u00e9marche humaine et f\u00e9d\u00e9ratrice<\/h2>\n<blockquote data-start=\"2826\" data-end=\"3247\">\n<p class=\"\" data-start=\"2828\" data-end=\"3247\"><em data-start=\"2828\" data-end=\"3167\">\u00ab Organiser cette journ\u00e9e s\u00e9curit\u00e9 est pour moi une fa\u00e7on de f\u00e9d\u00e9rer et de faire une piq\u00fbre de rappel des risques associ\u00e9s \u00e0 des actions qui peuvent nous para\u00eetre anodines, de fa\u00e7on ludique et dans une ambiance conviviale. Contrairement aux sensibilisations classiques habituelles, ici, le conducteur se rend compte par lui-m\u00eame qu\u2019il se met en danger. \u00bb<\/em><br data-start=\"3167\" data-end=\"3170\" \/>\u2014 <strong data-start=\"3174\" data-end=\"3194\">Priscilla ALLAIN<\/strong>, Responsable QHSE chez <a href=\"https:\/\/groupebrun.net\/en\/our-subsidiaries\/normandie-solutions-services\/\">Normandie Solutions Services.<\/a><\/p>\n<\/blockquote>\n<h2 data-start=\"3254\" data-end=\"3312\">Pr\u00e9venir autrement, pour agir durablement<\/h2>\n<p class=\"\" data-start=\"3314\" data-end=\"3600\">La Journ\u00e9e S\u00e9curit\u00e9 2025 de NSS aura permis de <strong data-start=\"3361\" data-end=\"3378\">cr\u00e9er du lien<\/strong>, et de <strong data-start=\"3415\" data-end=\"3464\">transformer la pr\u00e9vention en exp\u00e9rience v\u00e9cue<\/strong>. Un format \u00e0 renouveler, au service d\u2019une ambition commune : <strong data-start=\"3526\" data-end=\"3599\">prot\u00e9ger les collaborateurs et ancrer les bons r\u00e9flexes dans la dur\u00e9e<\/strong>.<\/p>\n<p data-start=\"3314\" data-end=\"3600\">&gt; D\u00e9couvrez la vid\u00e9o de notre journ\u00e9e s\u00e9curit\u00e9 chez NSS sur <a href=\"https:\/\/www.linkedin.com\/company\/groupebrun\/\">LinkedIn<\/a><\/p>","protected":false},"excerpt":{"rendered":"<p>Journ\u00e9e S\u00e9curit\u00e9 2025 chez NSS Une journ\u00e9e pour la s\u00e9curit\u00e9, tous ensemble Le lundi 12 mai 2025, l&rsquo;ensemble des \u00e9quipes de Normandie Solutions Services (NSS), filiale du Groupe Brun implant\u00e9e \u00e0 Rouen et au Havre, a particip\u00e9 \u00e0 une Journ\u00e9e S\u00e9curit\u00e9 consacr\u00e9e \u00e0 la pr\u00e9vention des risques routiers et professionnels. Cette initiative s\u2019inscrit dans une [&hellip;]<\/p>\n","protected":false},"author":4,"featured_media":5405,"comment_status":"closed","ping_status":"closed","sticky":false,"template":"","format":"standard","meta":{"footnotes":""},"categories":[1],"tags":[],"class_list":["post-5396","post","type-post","status-publish","format-standard","has-post-thumbnail","hentry","category-uncategorized"],"yoast_head":"<!-- This site is optimized with the Yoast SEO plugin v27.5 - https:\/\/yoast.com\/product\/yoast-seo-wordpress\/ -->\n<title>Journ\u00e9e S\u00e9curit\u00e9 2025 chez NSS - Groupe Brun<\/title>\n<meta name=\"description\" content=\"Le 14 mai 2025, NSS organisait une Journ\u00e9e S\u00e9curit\u00e9 \u00e0 Rouen. Retour sur une action collective de pr\u00e9vention des risques routiers.\" \/>\n<meta name=\"robots\" content=\"index, follow, max-snippet:-1, max-image-preview:large, max-video-preview:-1\" \/>\n<link rel=\"canonical\" href=\"https:\/\/groupebrun.net\/en\/journee-securite-2025-nss\/\" \/>\n<meta property=\"og:locale\" content=\"en_GB\" \/>\n<meta property=\"og:type\" content=\"article\" \/>\n<meta property=\"og:title\" content=\"Journ\u00e9e S\u00e9curit\u00e9 2025 chez NSS - Groupe Brun\" \/>\n<meta property=\"og:description\" content=\"Le 14 mai 2025, NSS organisait une Journ\u00e9e S\u00e9curit\u00e9 \u00e0 Rouen. Retour sur une action collective de pr\u00e9vention des risques routiers.\" \/>\n<meta property=\"og:url\" content=\"https:\/\/groupebrun.net\/en\/journee-securite-2025-nss\/\" \/>\n<meta property=\"og:site_name\" content=\"Groupe Brun\" \/>\n<meta property=\"article:published_time\" content=\"2025-06-06T13:55:24+00:00\" \/>\n<meta property=\"og:image\" content=\"https:\/\/groupebrun.net\/wp-content\/uploads\/2025\/05\/article-blog-1024x576.png\" \/>\n\t<meta property=\"og:image:width\" content=\"1024\" \/>\n\t<meta property=\"og:image:height\" content=\"576\" \/>\n\t<meta property=\"og:image:type\" content=\"image\/png\" \/>\n<meta name=\"author\" content=\"Adam\" \/>\n<meta name=\"twitter:card\" content=\"summary_large_image\" \/>\n<meta name=\"twitter:label1\" content=\"Written by\" \/>\n\t<meta name=\"twitter:data1\" content=\"Adam\" \/>\n\t<meta name=\"twitter:label2\" content=\"Estimated reading time\" \/>\n\t<meta name=\"twitter:data2\" content=\"3 minutes\" \/>\n<script type=\"application\/ld+json\" class=\"yoast-schema-graph\">{\"@context\":\"https:\\\/\\\/schema.org\",\"@graph\":[{\"@type\":\"Article\",\"@id\":\"https:\\\/\\\/groupebrun.net\\\/journee-securite-2025-nss\\\/#article\",\"isPartOf\":{\"@id\":\"https:\\\/\\\/groupebrun.net\\\/journee-securite-2025-nss\\\/\"},\"author\":{\"name\":\"Adam\",\"@id\":\"https:\\\/\\\/groupebrun.net\\\/#\\\/schema\\\/person\\\/c4495b59b42110620bfb0c2b6395c888\"},\"headline\":\"Journ\u00e9e S\u00e9curit\u00e9 2025 chez NSS\",\"datePublished\":\"2025-06-06T13:55:24+00:00\",\"mainEntityOfPage\":{\"@id\":\"https:\\\/\\\/groupebrun.net\\\/journee-securite-2025-nss\\\/\"},\"wordCount\":496,\"image\":{\"@id\":\"https:\\\/\\\/groupebrun.net\\\/journee-securite-2025-nss\\\/#primaryimage\"},\"thumbnailUrl\":\"https:\\\/\\\/groupebrun.net\\\/wp-content\\\/uploads\\\/2025\\\/05\\\/article-blog.png\",\"articleSection\":[\"Uncategorized\"],\"inLanguage\":\"en-GB\"},{\"@type\":\"WebPage\",\"@id\":\"https:\\\/\\\/groupebrun.net\\\/journee-securite-2025-nss\\\/\",\"url\":\"https:\\\/\\\/groupebrun.net\\\/journee-securite-2025-nss\\\/\",\"name\":\"Journ\u00e9e S\u00e9curit\u00e9 2025 chez NSS - Groupe Brun\",\"isPartOf\":{\"@id\":\"https:\\\/\\\/groupebrun.net\\\/#website\"},\"primaryImageOfPage\":{\"@id\":\"https:\\\/\\\/groupebrun.net\\\/journee-securite-2025-nss\\\/#primaryimage\"},\"image\":{\"@id\":\"https:\\\/\\\/groupebrun.net\\\/journee-securite-2025-nss\\\/#primaryimage\"},\"thumbnailUrl\":\"https:\\\/\\\/groupebrun.net\\\/wp-content\\\/uploads\\\/2025\\\/05\\\/article-blog.png\",\"datePublished\":\"2025-06-06T13:55:24+00:00\",\"author\":{\"@id\":\"https:\\\/\\\/groupebrun.net\\\/#\\\/schema\\\/person\\\/c4495b59b42110620bfb0c2b6395c888\"},\"description\":\"Le 14 mai 2025, NSS organisait une Journ\u00e9e S\u00e9curit\u00e9 \u00e0 Rouen. Retour sur une action collective de pr\u00e9vention des risques routiers.\",\"breadcrumb\":{\"@id\":\"https:\\\/\\\/groupebrun.net\\\/journee-securite-2025-nss\\\/#breadcrumb\"},\"inLanguage\":\"en-GB\",\"potentialAction\":[{\"@type\":\"ReadAction\",\"target\":[\"https:\\\/\\\/groupebrun.net\\\/journee-securite-2025-nss\\\/\"]}]},{\"@type\":\"ImageObject\",\"inLanguage\":\"en-GB\",\"@id\":\"https:\\\/\\\/groupebrun.net\\\/journee-securite-2025-nss\\\/#primaryimage\",\"url\":\"https:\\\/\\\/groupebrun.net\\\/wp-content\\\/uploads\\\/2025\\\/05\\\/article-blog.png\",\"contentUrl\":\"https:\\\/\\\/groupebrun.net\\\/wp-content\\\/uploads\\\/2025\\\/05\\\/article-blog.png\",\"width\":1920,\"height\":1080,\"caption\":\"journ\u00e9e s\u00e9curit\u00e9 nss 2025\"},{\"@type\":\"BreadcrumbList\",\"@id\":\"https:\\\/\\\/groupebrun.net\\\/journee-securite-2025-nss\\\/#breadcrumb\",\"itemListElement\":[{\"@type\":\"ListItem\",\"position\":1,\"name\":\"Accueil\",\"item\":\"https:\\\/\\\/groupebrun.net\\\/\"},{\"@type\":\"ListItem\",\"position\":2,\"name\":\"Journ\u00e9e S\u00e9curit\u00e9 2025 chez NSS\"}]},{\"@type\":\"WebSite\",\"@id\":\"https:\\\/\\\/groupebrun.net\\\/#website\",\"url\":\"https:\\\/\\\/groupebrun.net\\\/\",\"name\":\"Groupe Brun\",\"description\":\"\",\"potentialAction\":[{\"@type\":\"SearchAction\",\"target\":{\"@type\":\"EntryPoint\",\"urlTemplate\":\"https:\\\/\\\/groupebrun.net\\\/?s={search_term_string}\"},\"query-input\":{\"@type\":\"PropertyValueSpecification\",\"valueRequired\":true,\"valueName\":\"search_term_string\"}}],\"inLanguage\":\"en-GB\"},{\"@type\":\"Person\",\"@id\":\"https:\\\/\\\/groupebrun.net\\\/#\\\/schema\\\/person\\\/c4495b59b42110620bfb0c2b6395c888\",\"name\":\"Adam\",\"image\":{\"@type\":\"ImageObject\",\"inLanguage\":\"en-GB\",\"@id\":\"https:\\\/\\\/secure.gravatar.com\\\/avatar\\\/3b09b6cba86dcab079d578ddacc5f730e1f3553f24f9f03a40bd450ee6b977c1?s=96&d=mm&r=g\",\"url\":\"https:\\\/\\\/secure.gravatar.com\\\/avatar\\\/3b09b6cba86dcab079d578ddacc5f730e1f3553f24f9f03a40bd450ee6b977c1?s=96&d=mm&r=g\",\"contentUrl\":\"https:\\\/\\\/secure.gravatar.com\\\/avatar\\\/3b09b6cba86dcab079d578ddacc5f730e1f3553f24f9f03a40bd450ee6b977c1?s=96&d=mm&r=g\",\"caption\":\"Adam\"},\"url\":\"https:\\\/\\\/groupebrun.net\\\/en\\\/author\\\/adam\\\/\"}]}<\/script>\n<!-- \/ Yoast SEO plugin. -->","yoast_head_json":{"title":"Journ\u00e9e S\u00e9curit\u00e9 2025 chez NSS - Groupe Brun","description":"Le 14 mai 2025, NSS organisait une Journ\u00e9e S\u00e9curit\u00e9 \u00e0 Rouen. Retour sur une action collective de pr\u00e9vention des risques routiers.","robots":{"index":"index","follow":"follow","max-snippet":"max-snippet:-1","max-image-preview":"max-image-preview:large","max-video-preview":"max-video-preview:-1"},"canonical":"https:\/\/groupebrun.net\/en\/journee-securite-2025-nss\/","og_locale":"en_GB","og_type":"article","og_title":"Journ\u00e9e S\u00e9curit\u00e9 2025 chez NSS - Groupe Brun","og_description":"Le 14 mai 2025, NSS organisait une Journ\u00e9e S\u00e9curit\u00e9 \u00e0 Rouen. Retour sur une action collective de pr\u00e9vention des risques routiers.","og_url":"https:\/\/groupebrun.net\/en\/journee-securite-2025-nss\/","og_site_name":"Groupe Brun","article_published_time":"2025-06-06T13:55:24+00:00","og_image":[{"width":1024,"height":576,"url":"https:\/\/groupebrun.net\/wp-content\/uploads\/2025\/05\/article-blog-1024x576.png","type":"image\/png"}],"author":"Adam","twitter_card":"summary_large_image","twitter_misc":{"Written by":"Adam","Estimated reading time":"3 minutes"},"schema":{"@context":"https:\/\/schema.org","@graph":[{"@type":"Article","@id":"https:\/\/groupebrun.net\/journee-securite-2025-nss\/#article","isPartOf":{"@id":"https:\/\/groupebrun.net\/journee-securite-2025-nss\/"},"author":{"name":"Adam","@id":"https:\/\/groupebrun.net\/#\/schema\/person\/c4495b59b42110620bfb0c2b6395c888"},"headline":"Journ\u00e9e S\u00e9curit\u00e9 2025 chez NSS","datePublished":"2025-06-06T13:55:24+00:00","mainEntityOfPage":{"@id":"https:\/\/groupebrun.net\/journee-securite-2025-nss\/"},"wordCount":496,"image":{"@id":"https:\/\/groupebrun.net\/journee-securite-2025-nss\/#primaryimage"},"thumbnailUrl":"https:\/\/groupebrun.net\/wp-content\/uploads\/2025\/05\/article-blog.png","articleSection":["Uncategorized"],"inLanguage":"en-GB"},{"@type":"WebPage","@id":"https:\/\/groupebrun.net\/journee-securite-2025-nss\/","url":"https:\/\/groupebrun.net\/journee-securite-2025-nss\/","name":"Journ\u00e9e S\u00e9curit\u00e9 2025 chez NSS - Groupe Brun","isPartOf":{"@id":"https:\/\/groupebrun.net\/#website"},"primaryImageOfPage":{"@id":"https:\/\/groupebrun.net\/journee-securite-2025-nss\/#primaryimage"},"image":{"@id":"https:\/\/groupebrun.net\/journee-securite-2025-nss\/#primaryimage"},"thumbnailUrl":"https:\/\/groupebrun.net\/wp-content\/uploads\/2025\/05\/article-blog.png","datePublished":"2025-06-06T13:55:24+00:00","author":{"@id":"https:\/\/groupebrun.net\/#\/schema\/person\/c4495b59b42110620bfb0c2b6395c888"},"description":"Le 14 mai 2025, NSS organisait une Journ\u00e9e S\u00e9curit\u00e9 \u00e0 Rouen. Retour sur une action collective de pr\u00e9vention des risques routiers.","breadcrumb":{"@id":"https:\/\/groupebrun.net\/journee-securite-2025-nss\/#breadcrumb"},"inLanguage":"en-GB","potentialAction":[{"@type":"ReadAction","target":["https:\/\/groupebrun.net\/journee-securite-2025-nss\/"]}]},{"@type":"ImageObject","inLanguage":"en-GB","@id":"https:\/\/groupebrun.net\/journee-securite-2025-nss\/#primaryimage","url":"https:\/\/groupebrun.net\/wp-content\/uploads\/2025\/05\/article-blog.png","contentUrl":"https:\/\/groupebrun.net\/wp-content\/uploads\/2025\/05\/article-blog.png","width":1920,"height":1080,"caption":"journ\u00e9e s\u00e9curit\u00e9 nss 2025"},{"@type":"BreadcrumbList","@id":"https:\/\/groupebrun.net\/journee-securite-2025-nss\/#breadcrumb","itemListElement":[{"@type":"ListItem","position":1,"name":"Accueil","item":"https:\/\/groupebrun.net\/"},{"@type":"ListItem","position":2,"name":"Journ\u00e9e S\u00e9curit\u00e9 2025 chez NSS"}]},{"@type":"WebSite","@id":"https:\/\/groupebrun.net\/#website","url":"https:\/\/groupebrun.net\/","name":"Brun Group","description":"","potentialAction":[{"@type":"SearchAction","target":{"@type":"EntryPoint","urlTemplate":"https:\/\/groupebrun.net\/?s={search_term_string}"},"query-input":{"@type":"PropertyValueSpecification","valueRequired":true,"valueName":"search_term_string"}}],"inLanguage":"en-GB"},{"@type":"Person","@id":"https:\/\/groupebrun.net\/#\/schema\/person\/c4495b59b42110620bfb0c2b6395c888","name":"Adam","image":{"@type":"ImageObject","inLanguage":"en-GB","@id":"https:\/\/secure.gravatar.com\/avatar\/3b09b6cba86dcab079d578ddacc5f730e1f3553f24f9f03a40bd450ee6b977c1?s=96&d=mm&r=g","url":"https:\/\/secure.gravatar.com\/avatar\/3b09b6cba86dcab079d578ddacc5f730e1f3553f24f9f03a40bd450ee6b977c1?s=96&d=mm&r=g","contentUrl":"https:\/\/secure.gravatar.com\/avatar\/3b09b6cba86dcab079d578ddacc5f730e1f3553f24f9f03a40bd450ee6b977c1?s=96&d=mm&r=g","caption":"Adam"},"url":"https:\/\/groupebrun.net\/en\/author\/adam\/"}]}},"_links":{"self":[{"href":"https:\/\/groupebrun.net\/en\/wp-json\/wp\/v2\/posts\/5396","targetHints":{"allow":["GET"]}}],"collection":[{"href":"https:\/\/groupebrun.net\/en\/wp-json\/wp\/v2\/posts"}],"about":[{"href":"https:\/\/groupebrun.net\/en\/wp-json\/wp\/v2\/types\/post"}],"author":[{"embeddable":true,"href":"https:\/\/groupebrun.net\/en\/wp-json\/wp\/v2\/users\/4"}],"replies":[{"embeddable":true,"href":"https:\/\/groupebrun.net\/en\/wp-json\/wp\/v2\/comments?post=5396"}],"version-history":[{"count":10,"href":"https:\/\/groupebrun.net\/en\/wp-json\/wp\/v2\/posts\/5396\/revisions"}],"predecessor-version":[{"id":5409,"href":"https:\/\/groupebrun.net\/en\/wp-json\/wp\/v2\/posts\/5396\/revisions\/5409"}],"wp:featuredmedia":[{"embeddable":true,"href":"https:\/\/groupebrun.net\/en\/wp-json\/wp\/v2\/media\/5405"}],"wp:attachment":[{"href":"https:\/\/groupebrun.net\/en\/wp-json\/wp\/v2\/media?parent=5396"}],"wp:term":[{"taxonomy":"category","embeddable":true,"href":"https:\/\/groupebrun.net\/en\/wp-json\/wp\/v2\/categories?post=5396"},{"taxonomy":"post_tag","embeddable":true,"href":"https:\/\/groupebrun.net\/en\/wp-json\/wp\/v2\/tags?post=5396"}],"curies":[{"name":"wp","href":"https:\/\/api.w.org\/{rel}","templated":true}]}}