{"id":5506,"date":"2026-04-27T07:50:25","date_gmt":"2026-04-27T06:50:25","guid":{"rendered":"https:\/\/groupebrun.net\/?p=5506"},"modified":"2026-04-27T07:50:25","modified_gmt":"2026-04-27T06:50:25","slug":"les-reunions-rem","status":"publish","type":"post","link":"https:\/\/groupebrun.net\/en\/les-reunions-rem\/","title":{"rendered":"Les r\u00e9unions REM : un rendez-vous semestriel cl\u00e9 pour harmoniser expertise, innovation et vision au sein du Groupe Brun"},"content":{"rendered":"<h1 data-start=\"132\" data-end=\"254\">Les r\u00e9unions REM : un rendez-vous semestriel cl\u00e9 pour harmoniser expertise, innovation et vision au sein du Groupe Brun<\/h1>\n<p data-start=\"256\" data-end=\"747\">Deux fois par an, les \u00e9quipes techniques du Groupe Brun se retrouvent pour un rendez-vous devenu incontournable : <strong data-start=\"370\" data-end=\"390\">les R\u00e9unions REM<\/strong>, pour <em data-start=\"397\" data-end=\"429\">Responsable Entretien Mat\u00e9riel<\/em>.<\/p>\n<p>Ces rencontres rassemblent pr\u00e8s de <strong data-start=\"466\" data-end=\"500\">25 responsables et techniciens<\/strong> issus des ateliers implant\u00e9s sur l\u2019ensemble du territoire.<\/p>\n<p><img fetchpriority=\"high\" decoding=\"async\" class=\"alignnone size-medium wp-image-5532\" src=\"https:\/\/groupebrun.net\/wp-content\/uploads\/2025\/12\/MG_4940-300x200.jpg\" alt=\"m\u00e9canicien groupe brun\" width=\"300\" height=\"200\" srcset=\"https:\/\/groupebrun.net\/wp-content\/uploads\/2025\/12\/MG_4940-300x200.jpg 300w, https:\/\/groupebrun.net\/wp-content\/uploads\/2025\/12\/MG_4940-1024x683.jpg 1024w, https:\/\/groupebrun.net\/wp-content\/uploads\/2025\/12\/MG_4940-768x512.jpg 768w, https:\/\/groupebrun.net\/wp-content\/uploads\/2025\/12\/MG_4940-1536x1024.jpg 1536w, https:\/\/groupebrun.net\/wp-content\/uploads\/2025\/12\/MG_4940-scaled.jpg 2048w, https:\/\/groupebrun.net\/wp-content\/uploads\/2025\/12\/MG_4940-18x12.jpg 18w\" sizes=\"(max-width: 300px) 100vw, 300px\" \/><br \/>\n<br data-start=\"559\" data-end=\"562\" \/>Chaque \u00e9dition se tient dans une <strong data-start=\"595\" data-end=\"617\">filiale diff\u00e9rente<\/strong>, afin de favoriser la proximit\u00e9 avec le terrain, la d\u00e9couverte des sp\u00e9cificit\u00e9s locales et le partage de pratiques entre \u00e9quipes.<\/p>\n<p>Un moment strat\u00e9gique pour aligner les priorit\u00e9s du Groupe.<\/p>\n<p><img decoding=\"async\" class=\"alignnone size-medium wp-image-5531\" src=\"https:\/\/groupebrun.net\/wp-content\/uploads\/2025\/12\/MG_4922-300x200.jpg\" alt=\"workshop\" width=\"300\" height=\"200\" srcset=\"https:\/\/groupebrun.net\/wp-content\/uploads\/2025\/12\/MG_4922-300x200.jpg 300w, https:\/\/groupebrun.net\/wp-content\/uploads\/2025\/12\/MG_4922-1024x683.jpg 1024w, https:\/\/groupebrun.net\/wp-content\/uploads\/2025\/12\/MG_4922-768x512.jpg 768w, https:\/\/groupebrun.net\/wp-content\/uploads\/2025\/12\/MG_4922-1536x1024.jpg 1536w, https:\/\/groupebrun.net\/wp-content\/uploads\/2025\/12\/MG_4922-scaled.jpg 2048w, https:\/\/groupebrun.net\/wp-content\/uploads\/2025\/12\/MG_4922-18x12.jpg 18w\" sizes=\"(max-width: 300px) 100vw, 300px\" \/><\/p>\n<p data-start=\"813\" data-end=\"1002\">Lors de ces r\u00e9unions, plusieurs th\u00e9matiques majeures sont abord\u00e9es afin d\u2019assurer une coh\u00e9rence technique, op\u00e9rationnelle et strat\u00e9gique dans toute l\u2019organisation.<br data-start=\"976\" data-end=\"979\" \/>Parmi les sujets cl\u00e9s :<\/p>\n<h3 data-start=\"1004\" data-end=\"1038\">Actualit\u00e9s du Groupe Brun<\/h3>\n<p data-start=\"1039\" data-end=\"1171\">Un point complet sur l\u2019\u00e9volution du Groupe, les projets en cours, les actions men\u00e9es dans les filiales et les perspectives globales.<\/p>\n<h3 data-start=\"1173\" data-end=\"1213\">Strat\u00e9gie \u00e0 moyen et long terme<\/h3>\n<p data-start=\"1214\" data-end=\"1399\">Les participants d\u00e9couvrent les orientations qui guideront les choix techniques et op\u00e9rationnels des prochaines ann\u00e9es, notamment en mati\u00e8re de s\u00e9curit\u00e9, de performance et d\u2019innovation.<\/p>\n<h3 data-start=\"1401\" data-end=\"1449\">\u00c9volutions techniques et r\u00e9glementaires<\/h3>\n<p data-start=\"1450\" data-end=\"1703\">Les r\u00e9glementations \u00e9voluent, les technologies aussi. Les r\u00e9unions REM permettent d\u2019actualiser les connaissances sur <strong data-start=\"1567\" data-end=\"1627\">les v\u00e9hicules, les \u00e9quipements embarqu\u00e9s, les normes ADR<\/strong>, ainsi que sur les nouvelles obligations li\u00e9es au transport et au mat\u00e9riel.<\/p>\n<h3 data-start=\"1705\" data-end=\"1729\">Investissements<\/h3>\n<p data-start=\"1730\" data-end=\"1885\">Pr\u00e9sentation des projets d\u2019investissement : renouvellement de flotte, modernisation des ateliers, nouveaux outils de diagnostic, \u00e9quipements sp\u00e9ciaux, etc.<\/p>\n<h3 data-start=\"1887\" data-end=\"1917\">Am\u00e9lioration continue<\/h3>\n<p data-start=\"1918\" data-end=\"2106\">Chaque filiale partage ses initiatives, ses r\u00e9sultats et ses bonnes pratiques.<\/p>\n<p data-start=\"1918\" data-end=\"2106\">L\u2019objectif : identifier les leviers d\u2019efficacit\u00e9, de s\u00e9curit\u00e9 et de fiabilit\u00e9 \u00e0 d\u00e9ployer dans tout le Groupe.<\/p>\n<h3 data-start=\"2108\" data-end=\"2149\">Mise en place de nouveaux outils<\/h3>\n<p data-start=\"2150\" data-end=\"2334\">Qu\u2019il s\u2019agisse de digitalisation, de solutions de maintenance pr\u00e9dictive, d\u2019outils de tra\u00e7abilit\u00e9 ou d\u2019optimisation du parc, les \u00e9quipes sont form\u00e9es et impliqu\u00e9es dans le d\u00e9ploiement.<\/p>\n<h3 data-start=\"2336\" data-end=\"2365\">Retours d\u2019exp\u00e9rience<\/h3>\n<p data-start=\"2366\" data-end=\"2549\">Les \u00e9changes entre responsables ateliers constituent l\u2019un des temps forts : incidents, r\u00e9ussites, innovations locales\u2026 tout est mis en commun pour renforcer le savoir-faire collectif.<\/p>\n<h3 data-start=\"2551\" data-end=\"2599\">Fleet-management au service des clients<\/h3>\n<p data-start=\"2600\" data-end=\"2800\">Un point sp\u00e9cifique est consacr\u00e9 \u00e0 la gestion de flotte pour les clients du Groupe Brun, avec l\u2019ambition d\u2019optimiser la disponibilit\u00e9, la s\u00e9curit\u00e9 et la performance des v\u00e9hicules qui leur sont d\u00e9di\u00e9s.<\/p>\n<h2 data-start=\"2807\" data-end=\"2888\">Un \u00e9v\u00e9nement f\u00e9d\u00e9rateur qui ancre l\u2019expertise technique au c\u0153ur du Groupe Brun<\/h2>\n<p data-start=\"2890\" data-end=\"3308\">Les R\u00e9unions REM jouent un r\u00f4le essentiel dans la coh\u00e9sion des \u00e9quipes techniques. Elles renforcent le sentiment d\u2019appartenance, favorisent la circulation de l\u2019information et garantissent une vision homog\u00e8ne des enjeux mat\u00e9riels dans toutes les filiales.<\/p>\n<p data-start=\"2890\" data-end=\"3308\">Elles permettent \u00e9galement de pr\u00e9parer l\u2019avenir, de faire \u00e9voluer les pratiques et d\u2019assurer la qualit\u00e9 du service rendu aux clients, quel que soit leur secteur.<\/p>\n<h2 data-start=\"113\" data-end=\"162\"><strong data-start=\"116\" data-end=\"162\">Un moment de teambuilding \u00e0 chaque \u00e9dition<\/strong><\/h2>\n<p data-start=\"164\" data-end=\"318\">Chaque r\u00e9union REM int\u00e8gre \u00e9galement <strong data-start=\"201\" data-end=\"233\">une activit\u00e9 de teambuilding<\/strong>, pens\u00e9e pour renforcer la coh\u00e9sion et la coop\u00e9ration entre les \u00e9quipes techniques.<\/p>\n<p data-start=\"320\" data-end=\"722\" data-is-last-node=\"\" data-is-only-node=\"\">Cette ann\u00e9e, les participants ont pris part \u00e0 une <strong data-start=\"370\" data-end=\"416\">exp\u00e9rience de karting virtuel collaboratif<\/strong> : une mission immersive en \u00e9quipe o\u00f9 il fallait s\u2019entraider pour avancer, \u00e9liminer ensemble un virus, se soigner mutuellement et coordonner sa strat\u00e9gie pour r\u00e9ussir.<br data-start=\"583\" data-end=\"586\" \/>Un moment ludique, mais surtout un vrai exercice de communication et de solidarit\u00e9, qui illustre parfaitement l\u2019esprit des r\u00e9unions REM.<\/p>\n<p class=\"s3\"><span class=\"s4\">Les Responsables Entretien <\/span><span class=\"s4\">Mat\u00e9riel ont<\/span><span class=\"s4\"> profit\u00e9 du v<\/span><span class=\"s4\">endredi<\/span><span class=\"s4\"> pour effectuer la visite du salon SOLUTRANS ; afin de d\u00e9couvrir les derni\u00e8res nouveaut\u00e9s techniques.<\/span><\/p>\n<p><img decoding=\"async\" class=\"alignnone wp-image-5534 size-full\" src=\"https:\/\/groupebrun.net\/wp-content\/uploads\/2025\/12\/Capture-decran-2025-12-04-a-15.35.33.png\" alt=\"r\u00e9union REM groupe brun\" width=\"1530\" height=\"1238\" srcset=\"https:\/\/groupebrun.net\/wp-content\/uploads\/2025\/12\/Capture-decran-2025-12-04-a-15.35.33.png 1530w, https:\/\/groupebrun.net\/wp-content\/uploads\/2025\/12\/Capture-decran-2025-12-04-a-15.35.33-300x243.png 300w, https:\/\/groupebrun.net\/wp-content\/uploads\/2025\/12\/Capture-decran-2025-12-04-a-15.35.33-1024x829.png 1024w, https:\/\/groupebrun.net\/wp-content\/uploads\/2025\/12\/Capture-decran-2025-12-04-a-15.35.33-768x621.png 768w, https:\/\/groupebrun.net\/wp-content\/uploads\/2025\/12\/Capture-decran-2025-12-04-a-15.35.33-15x12.png 15w\" sizes=\"(max-width: 1530px) 100vw, 1530px\" \/><\/p>","protected":false},"excerpt":{"rendered":"<p>Les r\u00e9unions REM : un rendez-vous semestriel cl\u00e9 pour harmoniser expertise, innovation et vision au sein du Groupe Brun Deux fois par an, les \u00e9quipes techniques du Groupe Brun se retrouvent pour un rendez-vous devenu incontournable : les R\u00e9unions REM, pour Responsable Entretien Mat\u00e9riel. Ces rencontres rassemblent pr\u00e8s de 25 responsables et techniciens issus des [&hellip;]<\/p>\n","protected":false},"author":4,"featured_media":5522,"comment_status":"closed","ping_status":"closed","sticky":false,"template":"","format":"standard","meta":{"footnotes":""},"categories":[1],"tags":[],"class_list":["post-5506","post","type-post","status-publish","format-standard","has-post-thumbnail","hentry","category-uncategorized"],"yoast_head":"<!-- This site is optimized with the Yoast SEO plugin v27.5 - https:\/\/yoast.com\/product\/yoast-seo-wordpress\/ -->\n<title>Les r\u00e9unions REM : un rendez-vous semestriel cl\u00e9 pour harmoniser expertise, innovation et vision au sein du Groupe Brun - Groupe Brun<\/title>\n<meta name=\"description\" content=\"R\u00e9unions REM du Groupe Brun : un rendez-vous semestriel r\u00e9unissant le personnel d&#039;atelier de nos ateliers pour partager actualit\u00e9s, innovations techniques, strat\u00e9gie, retours d\u2019exp\u00e9rience et \u00e9volutions r\u00e9glementaires.\" \/>\n<meta name=\"robots\" content=\"index, follow, max-snippet:-1, max-image-preview:large, max-video-preview:-1\" \/>\n<link rel=\"canonical\" href=\"https:\/\/groupebrun.net\/en\/les-reunions-rem\/\" \/>\n<meta property=\"og:locale\" content=\"en_GB\" \/>\n<meta property=\"og:type\" content=\"article\" \/>\n<meta property=\"og:title\" content=\"Les r\u00e9unions REM : un rendez-vous semestriel cl\u00e9 pour harmoniser expertise, innovation et vision au sein du Groupe Brun - Groupe Brun\" \/>\n<meta property=\"og:description\" content=\"R\u00e9unions REM du Groupe Brun : un rendez-vous semestriel r\u00e9unissant le personnel d&#039;atelier de nos ateliers pour partager actualit\u00e9s, innovations techniques, strat\u00e9gie, retours d\u2019exp\u00e9rience et \u00e9volutions r\u00e9glementaires.\" \/>\n<meta property=\"og:url\" content=\"https:\/\/groupebrun.net\/en\/les-reunions-rem\/\" \/>\n<meta property=\"og:site_name\" content=\"Groupe Brun\" \/>\n<meta property=\"article:published_time\" content=\"2026-04-27T06:50:25+00:00\" \/>\n<meta name=\"author\" content=\"Adam\" \/>\n<meta name=\"twitter:card\" content=\"summary_large_image\" \/>\n<meta name=\"twitter:label1\" content=\"Written by\" \/>\n\t<meta name=\"twitter:data1\" content=\"Adam\" \/>\n\t<meta name=\"twitter:label2\" content=\"Estimated reading time\" \/>\n\t<meta name=\"twitter:data2\" content=\"4 minutes\" \/>\n<script type=\"application\/ld+json\" class=\"yoast-schema-graph\">{\"@context\":\"https:\\\/\\\/schema.org\",\"@graph\":[{\"@type\":\"Article\",\"@id\":\"https:\\\/\\\/groupebrun.net\\\/les-reunions-rem\\\/#article\",\"isPartOf\":{\"@id\":\"https:\\\/\\\/groupebrun.net\\\/les-reunions-rem\\\/\"},\"author\":{\"name\":\"Adam\",\"@id\":\"https:\\\/\\\/groupebrun.net\\\/#\\\/schema\\\/person\\\/c4495b59b42110620bfb0c2b6395c888\"},\"headline\":\"Les r\u00e9unions REM : un rendez-vous semestriel cl\u00e9 pour harmoniser expertise, innovation et vision au sein du Groupe Brun\",\"datePublished\":\"2026-04-27T06:50:25+00:00\",\"mainEntityOfPage\":{\"@id\":\"https:\\\/\\\/groupebrun.net\\\/les-reunions-rem\\\/\"},\"wordCount\":647,\"image\":{\"@id\":\"https:\\\/\\\/groupebrun.net\\\/les-reunions-rem\\\/#primaryimage\"},\"thumbnailUrl\":\"https:\\\/\\\/groupebrun.net\\\/wp-content\\\/uploads\\\/2025\\\/12\\\/IMG_8838-scaled.jpg\",\"articleSection\":[\"Uncategorized\"],\"inLanguage\":\"en-GB\"},{\"@type\":\"WebPage\",\"@id\":\"https:\\\/\\\/groupebrun.net\\\/les-reunions-rem\\\/\",\"url\":\"https:\\\/\\\/groupebrun.net\\\/les-reunions-rem\\\/\",\"name\":\"Les r\u00e9unions REM : un rendez-vous semestriel cl\u00e9 pour harmoniser expertise, innovation et vision au sein du Groupe Brun - Groupe Brun\",\"isPartOf\":{\"@id\":\"https:\\\/\\\/groupebrun.net\\\/#website\"},\"primaryImageOfPage\":{\"@id\":\"https:\\\/\\\/groupebrun.net\\\/les-reunions-rem\\\/#primaryimage\"},\"image\":{\"@id\":\"https:\\\/\\\/groupebrun.net\\\/les-reunions-rem\\\/#primaryimage\"},\"thumbnailUrl\":\"https:\\\/\\\/groupebrun.net\\\/wp-content\\\/uploads\\\/2025\\\/12\\\/IMG_8838-scaled.jpg\",\"datePublished\":\"2026-04-27T06:50:25+00:00\",\"author\":{\"@id\":\"https:\\\/\\\/groupebrun.net\\\/#\\\/schema\\\/person\\\/c4495b59b42110620bfb0c2b6395c888\"},\"description\":\"R\u00e9unions REM du Groupe Brun : un rendez-vous semestriel r\u00e9unissant le personnel d'atelier de nos ateliers pour partager actualit\u00e9s, innovations techniques, strat\u00e9gie, retours d\u2019exp\u00e9rience et \u00e9volutions r\u00e9glementaires.\",\"breadcrumb\":{\"@id\":\"https:\\\/\\\/groupebrun.net\\\/les-reunions-rem\\\/#breadcrumb\"},\"inLanguage\":\"en-GB\",\"potentialAction\":[{\"@type\":\"ReadAction\",\"target\":[\"https:\\\/\\\/groupebrun.net\\\/les-reunions-rem\\\/\"]}]},{\"@type\":\"ImageObject\",\"inLanguage\":\"en-GB\",\"@id\":\"https:\\\/\\\/groupebrun.net\\\/les-reunions-rem\\\/#primaryimage\",\"url\":\"https:\\\/\\\/groupebrun.net\\\/wp-content\\\/uploads\\\/2025\\\/12\\\/IMG_8838-scaled.jpg\",\"contentUrl\":\"https:\\\/\\\/groupebrun.net\\\/wp-content\\\/uploads\\\/2025\\\/12\\\/IMG_8838-scaled.jpg\",\"width\":2048,\"height\":1536,\"caption\":\"R\u00c9UNION REM\"},{\"@type\":\"BreadcrumbList\",\"@id\":\"https:\\\/\\\/groupebrun.net\\\/les-reunions-rem\\\/#breadcrumb\",\"itemListElement\":[{\"@type\":\"ListItem\",\"position\":1,\"name\":\"Accueil\",\"item\":\"https:\\\/\\\/groupebrun.net\\\/\"},{\"@type\":\"ListItem\",\"position\":2,\"name\":\"Les r\u00e9unions REM : un rendez-vous semestriel cl\u00e9 pour harmoniser expertise, innovation et vision au sein du Groupe Brun\"}]},{\"@type\":\"WebSite\",\"@id\":\"https:\\\/\\\/groupebrun.net\\\/#website\",\"url\":\"https:\\\/\\\/groupebrun.net\\\/\",\"name\":\"Groupe Brun\",\"description\":\"\",\"potentialAction\":[{\"@type\":\"SearchAction\",\"target\":{\"@type\":\"EntryPoint\",\"urlTemplate\":\"https:\\\/\\\/groupebrun.net\\\/?s={search_term_string}\"},\"query-input\":{\"@type\":\"PropertyValueSpecification\",\"valueRequired\":true,\"valueName\":\"search_term_string\"}}],\"inLanguage\":\"en-GB\"},{\"@type\":\"Person\",\"@id\":\"https:\\\/\\\/groupebrun.net\\\/#\\\/schema\\\/person\\\/c4495b59b42110620bfb0c2b6395c888\",\"name\":\"Adam\",\"image\":{\"@type\":\"ImageObject\",\"inLanguage\":\"en-GB\",\"@id\":\"https:\\\/\\\/secure.gravatar.com\\\/avatar\\\/3b09b6cba86dcab079d578ddacc5f730e1f3553f24f9f03a40bd450ee6b977c1?s=96&d=mm&r=g\",\"url\":\"https:\\\/\\\/secure.gravatar.com\\\/avatar\\\/3b09b6cba86dcab079d578ddacc5f730e1f3553f24f9f03a40bd450ee6b977c1?s=96&d=mm&r=g\",\"contentUrl\":\"https:\\\/\\\/secure.gravatar.com\\\/avatar\\\/3b09b6cba86dcab079d578ddacc5f730e1f3553f24f9f03a40bd450ee6b977c1?s=96&d=mm&r=g\",\"caption\":\"Adam\"},\"url\":\"https:\\\/\\\/groupebrun.net\\\/en\\\/author\\\/adam\\\/\"}]}<\/script>\n<!-- \/ Yoast SEO plugin. -->","yoast_head_json":{"title":"Les r\u00e9unions REM : un rendez-vous semestriel cl\u00e9 pour harmoniser expertise, innovation et vision au sein du Groupe Brun - Groupe Brun","description":"R\u00e9unions REM du Groupe Brun : un rendez-vous semestriel r\u00e9unissant le personnel d'atelier de nos ateliers pour partager actualit\u00e9s, innovations techniques, strat\u00e9gie, retours d\u2019exp\u00e9rience et \u00e9volutions r\u00e9glementaires.","robots":{"index":"index","follow":"follow","max-snippet":"max-snippet:-1","max-image-preview":"max-image-preview:large","max-video-preview":"max-video-preview:-1"},"canonical":"https:\/\/groupebrun.net\/en\/les-reunions-rem\/","og_locale":"en_GB","og_type":"article","og_title":"Les r\u00e9unions REM : un rendez-vous semestriel cl\u00e9 pour harmoniser expertise, innovation et vision au sein du Groupe Brun - Groupe Brun","og_description":"R\u00e9unions REM du Groupe Brun : un rendez-vous semestriel r\u00e9unissant le personnel d'atelier de nos ateliers pour partager actualit\u00e9s, innovations techniques, strat\u00e9gie, retours d\u2019exp\u00e9rience et \u00e9volutions r\u00e9glementaires.","og_url":"https:\/\/groupebrun.net\/en\/les-reunions-rem\/","og_site_name":"Groupe Brun","article_published_time":"2026-04-27T06:50:25+00:00","author":"Adam","twitter_card":"summary_large_image","twitter_misc":{"Written by":"Adam","Estimated reading time":"4 minutes"},"schema":{"@context":"https:\/\/schema.org","@graph":[{"@type":"Article","@id":"https:\/\/groupebrun.net\/les-reunions-rem\/#article","isPartOf":{"@id":"https:\/\/groupebrun.net\/les-reunions-rem\/"},"author":{"name":"Adam","@id":"https:\/\/groupebrun.net\/#\/schema\/person\/c4495b59b42110620bfb0c2b6395c888"},"headline":"Les r\u00e9unions REM : un rendez-vous semestriel cl\u00e9 pour harmoniser expertise, innovation et vision au sein du Groupe Brun","datePublished":"2026-04-27T06:50:25+00:00","mainEntityOfPage":{"@id":"https:\/\/groupebrun.net\/les-reunions-rem\/"},"wordCount":647,"image":{"@id":"https:\/\/groupebrun.net\/les-reunions-rem\/#primaryimage"},"thumbnailUrl":"https:\/\/groupebrun.net\/wp-content\/uploads\/2025\/12\/IMG_8838-scaled.jpg","articleSection":["Uncategorized"],"inLanguage":"en-GB"},{"@type":"WebPage","@id":"https:\/\/groupebrun.net\/les-reunions-rem\/","url":"https:\/\/groupebrun.net\/les-reunions-rem\/","name":"Les r\u00e9unions REM : un rendez-vous semestriel cl\u00e9 pour harmoniser expertise, innovation et vision au sein du Groupe Brun - Groupe Brun","isPartOf":{"@id":"https:\/\/groupebrun.net\/#website"},"primaryImageOfPage":{"@id":"https:\/\/groupebrun.net\/les-reunions-rem\/#primaryimage"},"image":{"@id":"https:\/\/groupebrun.net\/les-reunions-rem\/#primaryimage"},"thumbnailUrl":"https:\/\/groupebrun.net\/wp-content\/uploads\/2025\/12\/IMG_8838-scaled.jpg","datePublished":"2026-04-27T06:50:25+00:00","author":{"@id":"https:\/\/groupebrun.net\/#\/schema\/person\/c4495b59b42110620bfb0c2b6395c888"},"description":"R\u00e9unions REM du Groupe Brun : un rendez-vous semestriel r\u00e9unissant le personnel d'atelier de nos ateliers pour partager actualit\u00e9s, innovations techniques, strat\u00e9gie, retours d\u2019exp\u00e9rience et \u00e9volutions r\u00e9glementaires.","breadcrumb":{"@id":"https:\/\/groupebrun.net\/les-reunions-rem\/#breadcrumb"},"inLanguage":"en-GB","potentialAction":[{"@type":"ReadAction","target":["https:\/\/groupebrun.net\/les-reunions-rem\/"]}]},{"@type":"ImageObject","inLanguage":"en-GB","@id":"https:\/\/groupebrun.net\/les-reunions-rem\/#primaryimage","url":"https:\/\/groupebrun.net\/wp-content\/uploads\/2025\/12\/IMG_8838-scaled.jpg","contentUrl":"https:\/\/groupebrun.net\/wp-content\/uploads\/2025\/12\/IMG_8838-scaled.jpg","width":2048,"height":1536,"caption":"R\u00c9UNION REM"},{"@type":"BreadcrumbList","@id":"https:\/\/groupebrun.net\/les-reunions-rem\/#breadcrumb","itemListElement":[{"@type":"ListItem","position":1,"name":"Accueil","item":"https:\/\/groupebrun.net\/"},{"@type":"ListItem","position":2,"name":"Les r\u00e9unions REM : un rendez-vous semestriel cl\u00e9 pour harmoniser expertise, innovation et vision au sein du Groupe Brun"}]},{"@type":"WebSite","@id":"https:\/\/groupebrun.net\/#website","url":"https:\/\/groupebrun.net\/","name":"Brun Group","description":"","potentialAction":[{"@type":"SearchAction","target":{"@type":"EntryPoint","urlTemplate":"https:\/\/groupebrun.net\/?s={search_term_string}"},"query-input":{"@type":"PropertyValueSpecification","valueRequired":true,"valueName":"search_term_string"}}],"inLanguage":"en-GB"},{"@type":"Person","@id":"https:\/\/groupebrun.net\/#\/schema\/person\/c4495b59b42110620bfb0c2b6395c888","name":"Adam","image":{"@type":"ImageObject","inLanguage":"en-GB","@id":"https:\/\/secure.gravatar.com\/avatar\/3b09b6cba86dcab079d578ddacc5f730e1f3553f24f9f03a40bd450ee6b977c1?s=96&d=mm&r=g","url":"https:\/\/secure.gravatar.com\/avatar\/3b09b6cba86dcab079d578ddacc5f730e1f3553f24f9f03a40bd450ee6b977c1?s=96&d=mm&r=g","contentUrl":"https:\/\/secure.gravatar.com\/avatar\/3b09b6cba86dcab079d578ddacc5f730e1f3553f24f9f03a40bd450ee6b977c1?s=96&d=mm&r=g","caption":"Adam"},"url":"https:\/\/groupebrun.net\/en\/author\/adam\/"}]}},"_links":{"self":[{"href":"https:\/\/groupebrun.net\/en\/wp-json\/wp\/v2\/posts\/5506","targetHints":{"allow":["GET"]}}],"collection":[{"href":"https:\/\/groupebrun.net\/en\/wp-json\/wp\/v2\/posts"}],"about":[{"href":"https:\/\/groupebrun.net\/en\/wp-json\/wp\/v2\/types\/post"}],"author":[{"embeddable":true,"href":"https:\/\/groupebrun.net\/en\/wp-json\/wp\/v2\/users\/4"}],"replies":[{"embeddable":true,"href":"https:\/\/groupebrun.net\/en\/wp-json\/wp\/v2\/comments?post=5506"}],"version-history":[{"count":12,"href":"https:\/\/groupebrun.net\/en\/wp-json\/wp\/v2\/posts\/5506\/revisions"}],"predecessor-version":[{"id":5536,"href":"https:\/\/groupebrun.net\/en\/wp-json\/wp\/v2\/posts\/5506\/revisions\/5536"}],"wp:featuredmedia":[{"embeddable":true,"href":"https:\/\/groupebrun.net\/en\/wp-json\/wp\/v2\/media\/5522"}],"wp:attachment":[{"href":"https:\/\/groupebrun.net\/en\/wp-json\/wp\/v2\/media?parent=5506"}],"wp:term":[{"taxonomy":"category","embeddable":true,"href":"https:\/\/groupebrun.net\/en\/wp-json\/wp\/v2\/categories?post=5506"},{"taxonomy":"post_tag","embeddable":true,"href":"https:\/\/groupebrun.net\/en\/wp-json\/wp\/v2\/tags?post=5506"}],"curies":[{"name":"wp","href":"https:\/\/api.w.org\/{rel}","templated":true}]}}